{"id":126,"date":"2015-11-03T10:49:38","date_gmt":"2015-11-03T09:49:38","guid":{"rendered":"http:\/\/www.ulrich-pietzsch.de\/?p=126"},"modified":"2021-05-24T12:03:24","modified_gmt":"2021-05-24T10:03:24","slug":"kitzbueheler-schau-naiver-malerei-1983","status":"publish","type":"post","link":"https:\/\/www.ulrich-pietzsch.de\/index.php\/2015\/11\/03\/kitzbueheler-schau-naiver-malerei-1983\/","title":{"rendered":"Kitzb\u00fcheler Schau naiver Malerei (1983)"},"content":{"rendered":"\n<p>Ausstellung Handelsakademie Kitzb\u00fchel<\/p>\n\n\n\n<p>\u2026Liest man Biographien naiver Maler, st\u00f6\u00dft man immer wieder auf Menschen, die in der Malerei bewusst oder unbewusst eine Kompensation f\u00fcr ihre allgemeine Lebenssituation oder bestimmte Erlebnisse suchen: Unterprivilegierte, Sonderlinge, gesellschaftliche Randfiguren. Der aus der DDR ausgeb\u00fcrgerte, derzeit in der Kitzb\u00fcheler Handelsakademie ausstellende Ulrich Pietzsch ist nur bedingt in diese Reihe einzuordnen\u2026 Lassen die besonderen Lebensumst\u00e4nde von Ulrich Pietzsch eher eine gesellschaftlich engagierte Reaktion erwarten, findet man zumindest in seinen Bildern das Gegenteil. Sie zeigen eine weitgehende idealisierte d\u00f6rfliche Welt, lebensfrohe Alltagsszenen aus seiner brandenburgischen Heimat, oft mit anekdotenhaftem Charakter\u2026 Konfliktfreie Bilder einer scheinbar heilen Welt, verst\u00e4rkt durch kindlich- poetische Unbefangenheit, die sich h\u00e4ufig unbewusst \u00fcber die naturalistische Bezogenheit hinwegsetzt und das Eindrucksbild in ein vereinfachtes Wesensbild verwandelt\u2026<\/p>\n\n\n\n<p>Die vereinfachte Typisierung gibt den Darstellungen maskenhafte Z\u00fcge und verleiht ihnen einen an magischen Realismus erinnernden Charakter\u2026<\/p>\n\n\n\n<p>Ohne R\u00fcckgriff auf Techniken und Verfahren der verschiedenen Kunstschulen oder Anleihen bei Vorbildern versucht er mit begrenzten Kenntnissen und M\u00f6glichkeiten eine bildnerische Gestaltung seiner Welt. Und gerade die Spannung zwischen technischer Unvollkommenheit und visueller Vorstellung schafft die Eigenheit seines sch\u00f6pferischen Ausdrucks.<\/p>\n\n\n\n<p>Karl Prieler<\/p>\n\n\n\n<p>\u201eTiroler Tageszeitung\u201c vom 15.\/16. J\u00e4nner 1983<\/p>\n","protected":false},"excerpt":{"rendered":"<p>Ausstellung Handelsakademie Kitzb\u00fchel \u2026Liest man Biographien naiver Maler, st\u00f6\u00dft man immer wieder auf Menschen, die in der Malerei bewusst oder&#8230;<\/p>\n","protected":false},"author":2,"featured_media":0,"comment_status":"closed","ping_status":"closed","sticky":false,"template":"","format":"standard","meta":{"_kad_post_transparent":"","_kad_post_title":"","_kad_post_layout":"","_kad_post_sidebar_id":"","_kad_post_content_style":"","_kad_post_vertical_padding":"","_kad_post_feature":"","_kad_post_feature_position":"","_kad_post_header":false,"_kad_post_footer":false,"_kad_post_classname":"","footnotes":""},"categories":[6],"tags":[],"class_list":["post-126","post","type-post","status-publish","format-standard","hentry","category-80er-pressestimmen"],"_links":{"self":[{"href":"https:\/\/www.ulrich-pietzsch.de\/index.php\/wp-json\/wp\/v2\/posts\/126","targetHints":{"allow":["GET"]}}],"collection":[{"href":"https:\/\/www.ulrich-pietzsch.de\/index.php\/wp-json\/wp\/v2\/posts"}],"about":[{"href":"https:\/\/www.ulrich-pietzsch.de\/index.php\/wp-json\/wp\/v2\/types\/post"}],"author":[{"embeddable":true,"href":"https:\/\/www.ulrich-pietzsch.de\/index.php\/wp-json\/wp\/v2\/users\/2"}],"replies":[{"embeddable":true,"href":"https:\/\/www.ulrich-pietzsch.de\/index.php\/wp-json\/wp\/v2\/comments?post=126"}],"version-history":[{"count":2,"href":"https:\/\/www.ulrich-pietzsch.de\/index.php\/wp-json\/wp\/v2\/posts\/126\/revisions"}],"predecessor-version":[{"id":556,"href":"https:\/\/www.ulrich-pietzsch.de\/index.php\/wp-json\/wp\/v2\/posts\/126\/revisions\/556"}],"wp:attachment":[{"href":"https:\/\/www.ulrich-pietzsch.de\/index.php\/wp-json\/wp\/v2\/media?parent=126"}],"wp:term":[{"taxonomy":"category","embeddable":true,"href":"https:\/\/www.ulrich-pietzsch.de\/index.php\/wp-json\/wp\/v2\/categories?post=126"},{"taxonomy":"post_tag","embeddable":true,"href":"https:\/\/www.ulrich-pietzsch.de\/index.php\/wp-json\/wp\/v2\/tags?post=126"}],"curies":[{"name":"wp","href":"https:\/\/api.w.org\/{rel}","templated":true}]}}