{"id":130,"date":"2015-11-03T10:52:11","date_gmt":"2015-11-03T09:52:11","guid":{"rendered":"http:\/\/www.ulrich-pietzsch.de\/?p=130"},"modified":"2021-05-24T12:02:52","modified_gmt":"2021-05-24T10:02:52","slug":"grenzgaenger-1983","status":"publish","type":"post","link":"https:\/\/www.ulrich-pietzsch.de\/index.php\/2015\/11\/03\/grenzgaenger-1983\/","title":{"rendered":"Grenzg\u00e4nger (1983)"},"content":{"rendered":"\n<p>Begin im Westen 1989<\/p>\n\n\n\n<p>Bei den DDR- Beh\u00f6rden war Ulrich Pietzsch sicher nicht gerade beliebt: weder Absolvent einer ordentlichen Kunstakademie, noch Mitglied eines Verbandes, dazu jemand, der seine Redakteursanstellung verloren hatte, weil er nicht \u201eauf Linie lag\u201c, jemand, der zur\u00fcckgezogen in Wandlitz nahe bei Berlin Schafe z\u00fcchtete \u2013 also ein \u201eVerweigerer\u201c. Au\u00dferdem: wer war eigentlich mit dem Motiv, das sich durch die fr\u00fcheren Arbeiten zog, mit den \u201eSchildb\u00fcrgern\u201c gemeint? Einen Staatspreis bekommt so einer nicht.<\/p>\n\n\n\n<p>Trotz des Unbillens so mancher organisierter Malerkollegen zog der \u201eNaive\u201c Pietzsch das Interesse der \u00d6ffentlichkeit auf sich. Seine Bilder\u2026 wurden ausgestellt, der private Bilder \u2013 Verkauf&nbsp; weitete sich aus, Ulrich Pietzsch fand rasch Eingang in die Galerien und Auktionen, sah seine Bilder abgedruckt in den gro\u00dfen DDR- Publikumszeitschriften.<\/p>\n\n\n\n<p>Ulrich Pietzsch kam sp\u00e4t zum Malen, mit 39 Jahren, widmete er sich einem Thema, das auch und gerade in der Wachstumsbewu\u00dften DDR akut ist. Der Zerst\u00f6rung von Natur und traditionell gewachsener Umwelt\u2026 (Er) begreift sich als \u201eBewahrer\u201c. Er passte durch seinen \u201enaiven\u201c Stil nicht in das offizielle Kulturleben.<\/p>\n\n\n\n<p>Detlef Fritz<\/p>\n\n\n\n<p>\u201eTip\u201c vom 18. November 1983<\/p>\n","protected":false},"excerpt":{"rendered":"<p>Begin im Westen 1989 Bei den DDR- Beh\u00f6rden war Ulrich Pietzsch sicher nicht gerade beliebt: weder Absolvent einer ordentlichen Kunstakademie,&#8230;<\/p>\n","protected":false},"author":2,"featured_media":0,"comment_status":"closed","ping_status":"closed","sticky":false,"template":"","format":"standard","meta":{"_kad_post_transparent":"","_kad_post_title":"","_kad_post_layout":"","_kad_post_sidebar_id":"","_kad_post_content_style":"","_kad_post_vertical_padding":"","_kad_post_feature":"","_kad_post_feature_position":"","_kad_post_header":false,"_kad_post_footer":false,"_kad_post_classname":"","footnotes":""},"categories":[6],"tags":[],"class_list":["post-130","post","type-post","status-publish","format-standard","hentry","category-80er-pressestimmen"],"_links":{"self":[{"href":"https:\/\/www.ulrich-pietzsch.de\/index.php\/wp-json\/wp\/v2\/posts\/130","targetHints":{"allow":["GET"]}}],"collection":[{"href":"https:\/\/www.ulrich-pietzsch.de\/index.php\/wp-json\/wp\/v2\/posts"}],"about":[{"href":"https:\/\/www.ulrich-pietzsch.de\/index.php\/wp-json\/wp\/v2\/types\/post"}],"author":[{"embeddable":true,"href":"https:\/\/www.ulrich-pietzsch.de\/index.php\/wp-json\/wp\/v2\/users\/2"}],"replies":[{"embeddable":true,"href":"https:\/\/www.ulrich-pietzsch.de\/index.php\/wp-json\/wp\/v2\/comments?post=130"}],"version-history":[{"count":2,"href":"https:\/\/www.ulrich-pietzsch.de\/index.php\/wp-json\/wp\/v2\/posts\/130\/revisions"}],"predecessor-version":[{"id":554,"href":"https:\/\/www.ulrich-pietzsch.de\/index.php\/wp-json\/wp\/v2\/posts\/130\/revisions\/554"}],"wp:attachment":[{"href":"https:\/\/www.ulrich-pietzsch.de\/index.php\/wp-json\/wp\/v2\/media?parent=130"}],"wp:term":[{"taxonomy":"category","embeddable":true,"href":"https:\/\/www.ulrich-pietzsch.de\/index.php\/wp-json\/wp\/v2\/categories?post=130"},{"taxonomy":"post_tag","embeddable":true,"href":"https:\/\/www.ulrich-pietzsch.de\/index.php\/wp-json\/wp\/v2\/tags?post=130"}],"curies":[{"name":"wp","href":"https:\/\/api.w.org\/{rel}","templated":true}]}}