{"id":90,"date":"2015-11-03T09:47:10","date_gmt":"2015-11-03T08:47:10","guid":{"rendered":"http:\/\/www.ulrich-pietzsch.de\/?p=90"},"modified":"2020-08-15T16:50:56","modified_gmt":"2020-08-15T14:50:56","slug":"ein-gockel-fuer-die-ballerina","status":"publish","type":"post","link":"https:\/\/www.ulrich-pietzsch.de\/index.php\/2015\/11\/03\/ein-gockel-fuer-die-ballerina\/","title":{"rendered":"Ein Gockel f\u00fcr die Ballerina"},"content":{"rendered":"\n<p>1. Ausstellung im Museum Dippoldiswalde<\/p>\n\n\n\n<p>Ulrich Pietzsch ist ein Lebensk\u00fcnstler. Als f\u00fcr seine Frau Lydia Wolgina, 1. Ballerina der Deutschen Staatsoper Unter den Linden, nach 20 Jahren B\u00fchnent\u00e4tigkeit die Zeit zum Aufh\u00f6ren gekommen war, malte er ihr zum Trost ein Bild mit einem Hahn. Lydia Wolgina h\u00e4tte gern einen H\u00fchnerhof gehabt, daher heiterte sie der Gockel auf. Sie schlug einen Nagel in die Wand, h\u00e4ngte das Bild daran und munterte ihren Mann zum Weitermalen auf\u2026<\/p>\n\n\n\n<p>Zur Vernissage zeigte sich der K\u00fcnstler ganz vernarrt in die gr\u00fcnen W\u00e4nde des Kabinetts, an denen der Hauptteil seiner Malereien bis August zu Gast ist. >So einen Hintergrund wollte ich schon immer haben, jetzt wird mein Wunsch wahr&lt;\u00a0 frohlockt der 67-J\u00e4hrige.<\/p>\n\n\n\n<p>Mit einem seiner Story-Notate f\u00fchrte Pietzsch zu den Darstellungen hin: Ohne es zu wissen, habe er einst in einem Dorf das Ferienhaus eines Mitbesitzers einer bekannten Billigmarktkette gemalt. &gt;Alle Fenster waren vergittert, am Tor war Stacheldraht. Aber das habe ich alles weggelassen&lt;, erz\u00e4hlte Pietzsch.<\/p>\n\n\n\n<p>Sch\u00f6ne Motive aus der guten, alten Zeit wolle er malen. Weil die Realit\u00e4t ihn oft nicht so goldig anschaut, begibt sich Pietzsch schon mal als Don Quichotte ins Bild, um eine Lanze f\u00fcr windr\u00e4derfreie Aussichten zu brechen.<\/p>\n\n\n\n<p>Der Oelsaer Holzbildhauer Wilhelm Fischer bewunderte die Unbefangenheit des Malers: &gt;Das ist farbenfroh und lustig, alles ist klar erkennbar. Die vielen Gelbt\u00f6ne strahlen W\u00e4rme aus&lt;\u2026 &gt;Menschenleben&lt; hei\u00dft ein Tryptichon: Ein Gartenfest wird zur B\u00fchne f\u00fcr den gro\u00dfen Bogen zwischen Geburt und Alter.<\/p>\n\n\n\n<p>&gt;Ich habe ein sehendes Ged\u00e4chtnis\u201c, verriet Ulrich Pietzsch\u2026<\/p>\n\n\n\n<p>Dorit Oehme<\/p>\n\n\n\n<p>S\u00e4chsische Zeitung 30.03.2004<\/p>\n","protected":false},"excerpt":{"rendered":"<p>1. Ausstellung im Museum Dippoldiswalde Ulrich Pietzsch ist ein Lebensk\u00fcnstler. Als f\u00fcr seine Frau Lydia Wolgina, 1. Ballerina der Deutschen&#8230;<\/p>\n","protected":false},"author":2,"featured_media":0,"comment_status":"closed","ping_status":"closed","sticky":false,"template":"","format":"standard","meta":{"_kad_post_transparent":"","_kad_post_title":"","_kad_post_layout":"","_kad_post_sidebar_id":"","_kad_post_content_style":"","_kad_post_vertical_padding":"","_kad_post_feature":"","_kad_post_feature_position":"","_kad_post_header":false,"_kad_post_footer":false,"_kad_post_classname":"","footnotes":""},"categories":[4],"tags":[],"class_list":["post-90","post","type-post","status-publish","format-standard","hentry","category-2000er-pressestimmen"],"_links":{"self":[{"href":"https:\/\/www.ulrich-pietzsch.de\/index.php\/wp-json\/wp\/v2\/posts\/90","targetHints":{"allow":["GET"]}}],"collection":[{"href":"https:\/\/www.ulrich-pietzsch.de\/index.php\/wp-json\/wp\/v2\/posts"}],"about":[{"href":"https:\/\/www.ulrich-pietzsch.de\/index.php\/wp-json\/wp\/v2\/types\/post"}],"author":[{"embeddable":true,"href":"https:\/\/www.ulrich-pietzsch.de\/index.php\/wp-json\/wp\/v2\/users\/2"}],"replies":[{"embeddable":true,"href":"https:\/\/www.ulrich-pietzsch.de\/index.php\/wp-json\/wp\/v2\/comments?post=90"}],"version-history":[{"count":2,"href":"https:\/\/www.ulrich-pietzsch.de\/index.php\/wp-json\/wp\/v2\/posts\/90\/revisions"}],"predecessor-version":[{"id":508,"href":"https:\/\/www.ulrich-pietzsch.de\/index.php\/wp-json\/wp\/v2\/posts\/90\/revisions\/508"}],"wp:attachment":[{"href":"https:\/\/www.ulrich-pietzsch.de\/index.php\/wp-json\/wp\/v2\/media?parent=90"}],"wp:term":[{"taxonomy":"category","embeddable":true,"href":"https:\/\/www.ulrich-pietzsch.de\/index.php\/wp-json\/wp\/v2\/categories?post=90"},{"taxonomy":"post_tag","embeddable":true,"href":"https:\/\/www.ulrich-pietzsch.de\/index.php\/wp-json\/wp\/v2\/tags?post=90"}],"curies":[{"name":"wp","href":"https:\/\/api.w.org\/{rel}","templated":true}]}}